{"id":996,"date":"2013-02-11T22:43:59","date_gmt":"2013-02-11T21:43:59","guid":{"rendered":"http:\/\/blog.elmeri.ch\/?p=996"},"modified":"2013-02-11T22:45:42","modified_gmt":"2013-02-11T21:45:42","slug":"zwischendurch-ein-kleine-vorschau-aus-dem-wallis","status":"publish","type":"post","link":"https:\/\/blog.elmeri.ch\/?p=996","title":{"rendered":"Eine kleine Vorschau aus dem Wallis"},"content":{"rendered":"<p>Am 1.Oktober 2012 startete ich voll motiviert in den Arbeitsalltag und nach einem Monat im Spital Lachen\u00c2\u00a0zog ich mit meinen wenigen Habseligkeiten ins Oberwallis. Seit nunmehr drei Monaten arbeite ich in den Spit\u00c3\u00a4lern Visp und Brig. Gerade ist die H\u00c3\u00a4lfte meines Einsatzes hier bei dem heimatverbundenen Volk der Walliser Bergmenschen vorbei und ich habe mich inzwischen an die Eigenheiten deren Sprache und Umgang mit den &#8220;\u00c3\u0153ss\u00c3\u00a4rschwiizer&#8221; oder &#8220;H\u00c3\u00bcGr\u00c3\u00bc&#8221; gew\u00c3\u00b6hnt&#8230; \ud83d\ude09 Ende April ist mein Arbeitseinsatz hier Geschichte und dann habe ich nach 7 Monaten Arbeiten meine Ferien verdient! Ein guter Zeitpunkt also, jetzt die Reiseideen, die mich seit letzten Herbst begleiten zu \u00c3\u00bcberdenken, zu planen und bald schon umzusetzen!<\/p>\n<p>Vor knapp zwei Wochen nutzte ich die M\u00c3\u00b6glichkeit, die Ferien- und Urlaubsmesse in Z\u00c3\u00bcrich zu besuchen und deckte mich bei dieser Gelegenheit mit wortw\u00c3\u00b6rtlich kiloweise Katalogen und Infomaterial ein. Ich bin auf einige ganz interessante Dinge gestossen&#8230; zum Beispiel gibt es ein Angebot, mit Gel\u00c3\u00a4ndeg\u00c3\u00a4ngigen Autos in einer Expedition aus der Schweiz \u00c3\u00bcber eine Route Seidenstrasse nach Bejing zu fahren. Inspirierend fand ich auch die vielf\u00c3\u00a4ltigen Angebote von Zugs- und Schiff- bzw. Flussreisen genauso wie die Himalaya oder Anden Trekkings! Sich in diesem Dschungel zu orientieren ist nicht ganz einfach&#8230;<\/p>\n<p>&#8230;doch nun habe ich mich entschieden! F\u00c3\u00bcr Kuba und Kanada! Kuba, weil ich den Gedanken wirklich schon seit Monaten mit mir rumtrage. Und Kanada, weil es an der Zeit ist, dass ich Nordamerika jetzt auch mal mit einem Besuch beehre ;-). Vielleicht gibt&#8217;s bei der Gelegenheit einen kurzen Abstecher in die USA, das ist noch nicht bis ins Detail ausgearbeitet.<\/p>\n<p>Aktuell bin ich dabei, gemeinsam mit dem Reiseb\u00c3\u00bcro die beste Route auszuarbeiten. Ich habe nat\u00c3\u00bcrlich ein paar Sonderw\u00c3\u00bcnsche und ausgefallene Ideen, die nicht als all-in-one L\u00c3\u00b6sung in einem Katalog zu finden sind.<\/p>\n<p>Ich werde mich melden, wenn der\u00c2\u00a0<span style=\"color: #333333; font-style: normal; line-height: 24px;\">genaue\u00c2\u00a0<\/span>Routen- und Zeitplan steht.<\/p>\n<p>Bis dahin werde ich diesen kalten, weissen Schweizerwinter geniessen. Bis bald!<\/p>\n","protected":false},"excerpt":{"rendered":"<p>Am 1.Oktober 2012 startete ich voll motiviert in den Arbeitsalltag und nach einem Monat im Spital Lachen\u00c2\u00a0zog ich mit meinen wenigen Habseligkeiten ins Oberwallis. Seit nunmehr drei Monaten arbeite ich in den Spit\u00c3\u00a4lern Visp und Brig. Gerade ist die H\u00c3\u00a4lfte meines Einsatzes hier bei dem heimatverbundenen Volk der Walliser Bergmenschen vorbei und ich habe mich [&hellip;]<\/p>\n","protected":false},"author":2,"featured_media":997,"comment_status":"open","ping_status":"open","sticky":false,"template":"","format":"standard","meta":{"_s2mail":"yes","ngg_post_thumbnail":0,"_jetpack_memberships_contains_paid_content":false,"footnotes":""},"categories":[12,24],"tags":[],"class_list":{"0":"post-996","1":"post","2":"type-post","3":"status-publish","4":"format-standard","5":"has-post-thumbnail","6":"hentry","7":"category-europa","8":"category-nordamerika","10":"fallback-thumbnail"},"jetpack_featured_media_url":"https:\/\/blog.elmeri.ch\/wp-content\/uploads\/2013\/02\/DSCF2020.jpg","jetpack_sharing_enabled":true,"_links":{"self":[{"href":"https:\/\/blog.elmeri.ch\/index.php?rest_route=\/wp\/v2\/posts\/996","targetHints":{"allow":["GET"]}}],"collection":[{"href":"https:\/\/blog.elmeri.ch\/index.php?rest_route=\/wp\/v2\/posts"}],"about":[{"href":"https:\/\/blog.elmeri.ch\/index.php?rest_route=\/wp\/v2\/types\/post"}],"author":[{"embeddable":true,"href":"https:\/\/blog.elmeri.ch\/index.php?rest_route=\/wp\/v2\/users\/2"}],"replies":[{"embeddable":true,"href":"https:\/\/blog.elmeri.ch\/index.php?rest_route=%2Fwp%2Fv2%2Fcomments&post=996"}],"version-history":[{"count":7,"href":"https:\/\/blog.elmeri.ch\/index.php?rest_route=\/wp\/v2\/posts\/996\/revisions"}],"predecessor-version":[{"id":1003,"href":"https:\/\/blog.elmeri.ch\/index.php?rest_route=\/wp\/v2\/posts\/996\/revisions\/1003"}],"wp:featuredmedia":[{"embeddable":true,"href":"https:\/\/blog.elmeri.ch\/index.php?rest_route=\/wp\/v2\/media\/997"}],"wp:attachment":[{"href":"https:\/\/blog.elmeri.ch\/index.php?rest_route=%2Fwp%2Fv2%2Fmedia&parent=996"}],"wp:term":[{"taxonomy":"category","embeddable":true,"href":"https:\/\/blog.elmeri.ch\/index.php?rest_route=%2Fwp%2Fv2%2Fcategories&post=996"},{"taxonomy":"post_tag","embeddable":true,"href":"https:\/\/blog.elmeri.ch\/index.php?rest_route=%2Fwp%2Fv2%2Ftags&post=996"}],"curies":[{"name":"wp","href":"https:\/\/api.w.org\/{rel}","templated":true}]}}