{"id":2163,"date":"2023-01-08T11:59:59","date_gmt":"2023-01-08T10:59:59","guid":{"rendered":"https:\/\/blog.elmeri.ch\/?p=2163"},"modified":"2023-01-08T12:02:36","modified_gmt":"2023-01-08T11:02:36","slug":"geniessen-in-schweden","status":"publish","type":"post","link":"https:\/\/blog.elmeri.ch\/?p=2163","title":{"rendered":"Geniessen in Schweden"},"content":{"rendered":"\n<p><br \/>Noch bevor ich am Silvester zum Sandsj\u00f6ngarden aufbreche muss ich in Ume\u00e5 mein versp\u00e4tetes Gep\u00e4ck abwarten, welches zum Jahresabschluss geliefert wird. Ich verbinde das warten mit dem n\u00fctzlichen und entscheide mich kurzfristig f\u00fcr einen neuen Haarschnitt. Wenngleich der Schnitt f\u00fcr meinen Geschmack etwas zu brav ist, ich bin sehr froh, dass ich mir das warten auf diese Art verk\u00fcrzt habe.<\/p>\n\n\n\n<figure class=\"wp-block-image size-large\"><img loading=\"lazy\" decoding=\"async\" width=\"768\" height=\"1024\" src=\"https:\/\/blog.elmeri.ch\/wp-content\/uploads\/2023\/01\/img-2945-768x1024.jpeg\" alt=\"\" class=\"wp-image-2165\" srcset=\"https:\/\/blog.elmeri.ch\/wp-content\/uploads\/2023\/01\/img-2945-768x1024.jpeg 768w, https:\/\/blog.elmeri.ch\/wp-content\/uploads\/2023\/01\/img-2945-225x300.jpeg 225w, https:\/\/blog.elmeri.ch\/wp-content\/uploads\/2023\/01\/img-2945-68x90.jpeg 68w, https:\/\/blog.elmeri.ch\/wp-content\/uploads\/2023\/01\/img-2945-1152x1536.jpeg 1152w, https:\/\/blog.elmeri.ch\/wp-content\/uploads\/2023\/01\/img-2945-1536x2048.jpeg 1536w, https:\/\/blog.elmeri.ch\/wp-content\/uploads\/2023\/01\/img-2945-scaled.jpeg 1920w\" sizes=\"auto, (max-width: 768px) 100vw, 768px\" \/><figcaption class=\"wp-element-caption\">Altes Jahr, neuer Look<\/figcaption><\/figure>\n\n\n\n<p>In Schweden haben sich die Wogen gegl\u00e4ttet und ich bin vollends angekommen in der gem\u00e4chlichkeit des nordischen Winters. Ich geniesse die Spazierg\u00e4nge im klirrend kalten Weiss. Und stelle fest, dass Temperaturen jenseits von -20\u00b0 C eine echte Herausforderung an die Kleidung stellen. Seit meiner Reise an den Baikalsee im Januar 2016 glaube ich nie mehr Temperaturen von mehr als -20\u00b0 C ausgesetzt gewesen zu sein. Insofern f\u00fchlt sich das wie eine neue Erfahrung und ja, Frau Elmer ist diesbez\u00fcglich eher Blau\u00e4ugig unterwegs -ich habe meinen dicken Daunenparka im Schrank zu Hause gelassen. <\/p>\n\n\n\n<figure class=\"wp-block-image size-large\"><img loading=\"lazy\" decoding=\"async\" width=\"768\" height=\"1024\" src=\"https:\/\/blog.elmeri.ch\/wp-content\/uploads\/2023\/01\/img-2783-768x1024.jpeg\" alt=\"\" class=\"wp-image-2166\" srcset=\"https:\/\/blog.elmeri.ch\/wp-content\/uploads\/2023\/01\/img-2783-768x1024.jpeg 768w, https:\/\/blog.elmeri.ch\/wp-content\/uploads\/2023\/01\/img-2783-225x300.jpeg 225w, https:\/\/blog.elmeri.ch\/wp-content\/uploads\/2023\/01\/img-2783-68x90.jpeg 68w, https:\/\/blog.elmeri.ch\/wp-content\/uploads\/2023\/01\/img-2783-1152x1536.jpeg 1152w, https:\/\/blog.elmeri.ch\/wp-content\/uploads\/2023\/01\/img-2783-1536x2048.jpeg 1536w, https:\/\/blog.elmeri.ch\/wp-content\/uploads\/2023\/01\/img-2783-scaled.jpeg 1920w\" sizes=\"auto, (max-width: 768px) 100vw, 768px\" \/><figcaption class=\"wp-element-caption\">Baby, it`s cold outside<\/figcaption><\/figure>\n\n\n\n<p>Ich gehe die Tage ruhig an. Schliesslich habe ich Ferien. Es ist gem\u00fctlich in meiner Bleibe. Hier kann ich lesen und schreiben. Und ja, es w\u00e4re gelogen, wenn ich nicht auch etwas B\u00fcroarbeit erledigen w\u00fcrde. Ganz nebenbei arbeite ich an einem neuen Betriebszweig meiner Unternehmung. Hierzu bin ich aktuell dabei, die online Schulung abzuschliessen. Weitere Infos in B\u00e4lde.<\/p>\n\n\n\n<figure class=\"wp-block-image size-large\"><img loading=\"lazy\" decoding=\"async\" width=\"1024\" height=\"768\" src=\"https:\/\/blog.elmeri.ch\/wp-content\/uploads\/2023\/01\/img-2790-1024x768.jpeg\" alt=\"\" class=\"wp-image-2167\" srcset=\"https:\/\/blog.elmeri.ch\/wp-content\/uploads\/2023\/01\/img-2790-1024x768.jpeg 1024w, https:\/\/blog.elmeri.ch\/wp-content\/uploads\/2023\/01\/img-2790-300x225.jpeg 300w, https:\/\/blog.elmeri.ch\/wp-content\/uploads\/2023\/01\/img-2790-120x90.jpeg 120w, https:\/\/blog.elmeri.ch\/wp-content\/uploads\/2023\/01\/img-2790-768x576.jpeg 768w, https:\/\/blog.elmeri.ch\/wp-content\/uploads\/2023\/01\/img-2790-1536x1152.jpeg 1536w, https:\/\/blog.elmeri.ch\/wp-content\/uploads\/2023\/01\/img-2790-2048x1536.jpeg 2048w\" sizes=\"auto, (max-width: 1024px) 100vw, 1024px\" \/><figcaption class=\"wp-element-caption\">Nachbarshaus<\/figcaption><\/figure>\n\n\n\n<p>Ein bisschen Action zwischendurch darf gerne sein. So habe ich meine ersten Fahrversuche auf dem Schneet\u00f6ff gemacht. Ich hatte einen Heidenrespekt vor der K\u00e4lte. Aufgrund der Top Ausr\u00fcstungserg\u00e4nzung vom Veranstalter waren diese Bedenken allerdings unbegr\u00fcndet. Dick eingepackt -ich konnte mich kaum mehr bewegen- fuhren wir mit unserem Gr\u00fcppchen durch die verschneiten W\u00e4lder Lapplands. Nat\u00fcrlich auch auf gefrohrenen Seen und auf gefrohreren Moor. Die Bedingungen waren gut, wenn auch nicht die allerbesten. Der Schnee kam hier im Norden erst nach Weihnachten, entsprechend sind nicht alle Schl\u00fcsselstellen perfekt erschlossen bzw. zugefrohren. So kam es, dass nat\u00fcrlich einer der Gruppe auch abs\u00e4uft. Ich habe mir die Bl\u00f6sse gegeben und mein Gef\u00e4hrt im Wasserloch versenkt.  Mit vereinten Kr\u00e4ften und viel know-how von unserem Guide Caro konnte das Gef\u00e4hrt schlussendlich unbeschadet aus der Versenkung geborgen werden.<\/p>\n\n\n\n<figure class=\"wp-block-image size-large\"><img loading=\"lazy\" decoding=\"async\" width=\"1024\" height=\"768\" src=\"https:\/\/blog.elmeri.ch\/wp-content\/uploads\/2023\/01\/img-2849-1024x768.jpeg\" alt=\"\" class=\"wp-image-2168\" srcset=\"https:\/\/blog.elmeri.ch\/wp-content\/uploads\/2023\/01\/img-2849-1024x768.jpeg 1024w, https:\/\/blog.elmeri.ch\/wp-content\/uploads\/2023\/01\/img-2849-300x225.jpeg 300w, https:\/\/blog.elmeri.ch\/wp-content\/uploads\/2023\/01\/img-2849-120x90.jpeg 120w, https:\/\/blog.elmeri.ch\/wp-content\/uploads\/2023\/01\/img-2849-768x576.jpeg 768w, https:\/\/blog.elmeri.ch\/wp-content\/uploads\/2023\/01\/img-2849-1536x1152.jpeg 1536w, https:\/\/blog.elmeri.ch\/wp-content\/uploads\/2023\/01\/img-2849-2048x1536.jpeg 2048w\" sizes=\"auto, (max-width: 1024px) 100vw, 1024px\" \/><figcaption class=\"wp-element-caption\">Schneet\u00f6ff im Wasserloch<\/figcaption><\/figure>\n\n\n\n<figure class=\"wp-block-image size-large\"><img loading=\"lazy\" decoding=\"async\" width=\"1024\" height=\"768\" src=\"https:\/\/blog.elmeri.ch\/wp-content\/uploads\/2023\/01\/img-3290-1024x768.jpeg\" alt=\"\" class=\"wp-image-2171\" srcset=\"https:\/\/blog.elmeri.ch\/wp-content\/uploads\/2023\/01\/img-3290-1024x768.jpeg 1024w, https:\/\/blog.elmeri.ch\/wp-content\/uploads\/2023\/01\/img-3290-300x225.jpeg 300w, https:\/\/blog.elmeri.ch\/wp-content\/uploads\/2023\/01\/img-3290-120x90.jpeg 120w, https:\/\/blog.elmeri.ch\/wp-content\/uploads\/2023\/01\/img-3290-768x576.jpeg 768w, https:\/\/blog.elmeri.ch\/wp-content\/uploads\/2023\/01\/img-3290-1536x1152.jpeg 1536w, https:\/\/blog.elmeri.ch\/wp-content\/uploads\/2023\/01\/img-3290-2048x1536.jpeg 2048w\" sizes=\"auto, (max-width: 1024px) 100vw, 1024px\" \/><figcaption class=\"wp-element-caption\">Die wilden &#8220;T\u00f6fflibueb\u00e4&#8221; und meine Wenigkeit<\/figcaption><\/figure>\n\n\n\n<p>Ihr seht, das Leben im Norden ist gem\u00e4chlich. Die Winterstimmung ist wirklich magisch. Das Licht so weich, weil die Sonne nie hoch am Himmel steht. Und weil es richtig kalt ist, f\u00fchlt es sich wie echter Winter an. Ich bin gl\u00fccklich, diese Reise unter die R\u00e4der genommen zu haben und bin dankbar f\u00fcr die Erlebnisse und die Ruhe, die Lappland f\u00fcr mich bereith\u00e4lt.<\/p>\n\n\n\n<figure class=\"wp-block-image size-large\"><img loading=\"lazy\" decoding=\"async\" width=\"1024\" height=\"768\" src=\"https:\/\/blog.elmeri.ch\/wp-content\/uploads\/2023\/01\/img-3288-1024x768.jpeg\" alt=\"\" class=\"wp-image-2169\" srcset=\"https:\/\/blog.elmeri.ch\/wp-content\/uploads\/2023\/01\/img-3288-1024x768.jpeg 1024w, https:\/\/blog.elmeri.ch\/wp-content\/uploads\/2023\/01\/img-3288-300x225.jpeg 300w, https:\/\/blog.elmeri.ch\/wp-content\/uploads\/2023\/01\/img-3288-120x90.jpeg 120w, https:\/\/blog.elmeri.ch\/wp-content\/uploads\/2023\/01\/img-3288-768x576.jpeg 768w, https:\/\/blog.elmeri.ch\/wp-content\/uploads\/2023\/01\/img-3288-1536x1152.jpeg 1536w, https:\/\/blog.elmeri.ch\/wp-content\/uploads\/2023\/01\/img-3288-2048x1536.jpeg 2048w\" sizes=\"auto, (max-width: 1024px) 100vw, 1024px\" \/><figcaption class=\"wp-element-caption\">Das zauberhafte, weiche Licht verstr\u00f6mt einen Hauch Romantik <\/figcaption><\/figure>\n","protected":false},"excerpt":{"rendered":"<p>Noch bevor ich am Silvester zum Sandsj\u00f6ngarden aufbreche muss ich in Ume\u00e5 mein versp\u00e4tetes Gep\u00e4ck abwarten, welches zum Jahresabschluss geliefert wird. Ich verbinde das warten mit dem n\u00fctzlichen und entscheide mich kurzfristig f\u00fcr einen neuen Haarschnitt. Wenngleich der Schnitt f\u00fcr meinen Geschmack etwas zu brav ist, ich bin sehr froh, dass ich mir das warten [&hellip;]<\/p>\n","protected":false},"author":2,"featured_media":2167,"comment_status":"open","ping_status":"open","sticky":false,"template":"","format":"standard","meta":{"_s2mail":"yes","ngg_post_thumbnail":0,"_jetpack_memberships_contains_paid_content":false,"footnotes":""},"categories":[12,53],"tags":[117,115],"class_list":{"0":"post-2163","1":"post","2":"type-post","3":"status-publish","4":"format-standard","5":"has-post-thumbnail","6":"hentry","7":"category-europa","8":"category-skandinavien","9":"tag-schweden","10":"tag-skandinavien-lappland-schweden-winter-abenteuer","12":"fallback-thumbnail"},"jetpack_featured_media_url":"https:\/\/blog.elmeri.ch\/wp-content\/uploads\/2023\/01\/img-2790-scaled.jpeg","jetpack_sharing_enabled":true,"_links":{"self":[{"href":"https:\/\/blog.elmeri.ch\/index.php?rest_route=\/wp\/v2\/posts\/2163","targetHints":{"allow":["GET"]}}],"collection":[{"href":"https:\/\/blog.elmeri.ch\/index.php?rest_route=\/wp\/v2\/posts"}],"about":[{"href":"https:\/\/blog.elmeri.ch\/index.php?rest_route=\/wp\/v2\/types\/post"}],"author":[{"embeddable":true,"href":"https:\/\/blog.elmeri.ch\/index.php?rest_route=\/wp\/v2\/users\/2"}],"replies":[{"embeddable":true,"href":"https:\/\/blog.elmeri.ch\/index.php?rest_route=%2Fwp%2Fv2%2Fcomments&post=2163"}],"version-history":[{"count":4,"href":"https:\/\/blog.elmeri.ch\/index.php?rest_route=\/wp\/v2\/posts\/2163\/revisions"}],"predecessor-version":[{"id":2173,"href":"https:\/\/blog.elmeri.ch\/index.php?rest_route=\/wp\/v2\/posts\/2163\/revisions\/2173"}],"wp:featuredmedia":[{"embeddable":true,"href":"https:\/\/blog.elmeri.ch\/index.php?rest_route=\/wp\/v2\/media\/2167"}],"wp:attachment":[{"href":"https:\/\/blog.elmeri.ch\/index.php?rest_route=%2Fwp%2Fv2%2Fmedia&parent=2163"}],"wp:term":[{"taxonomy":"category","embeddable":true,"href":"https:\/\/blog.elmeri.ch\/index.php?rest_route=%2Fwp%2Fv2%2Fcategories&post=2163"},{"taxonomy":"post_tag","embeddable":true,"href":"https:\/\/blog.elmeri.ch\/index.php?rest_route=%2Fwp%2Fv2%2Ftags&post=2163"}],"curies":[{"name":"wp","href":"https:\/\/api.w.org\/{rel}","templated":true}]}}